{"id":2925,"date":"2026-01-26T15:54:26","date_gmt":"2026-01-26T14:54:26","guid":{"rendered":"https:\/\/bonsreiniciaminca.com\/?p=2925"},"modified":"2026-01-26T17:49:19","modified_gmt":"2026-01-26T16:49:19","slug":"cual-es-el-plazo-de-presentacion-de-la-solicitud","status":"publish","type":"post","link":"https:\/\/gaudeixsantanyi.com\/es\/2026\/01\/26\/cual-es-el-plazo-de-presentacion-de-la-solicitud\/","title":{"rendered":"\u00bfCu\u00e1l es el plazo de presentaci\u00f3n de la solicitud?"},"content":{"rendered":"<p>El plazo de presentaci\u00f3n de la solicitud se inicia a partir del d\u00eda <strong>30 de enero <\/strong>(incluido) \u00a0y tendr\u00e1 una duraci\u00f3n de 10 d\u00edas naturales.<\/p>\n","protected":false},"excerpt":{"rendered":"<p>El plazo de presentaci\u00f3n de la solicitud se inicia a partir del d\u00eda 30 de enero (incluido) \u00a0y tendr\u00e1 una duraci\u00f3n de 10 d\u00edas naturales.<\/p>\n","protected":false},"author":1,"featured_media":0,"comment_status":"closed","ping_status":"closed","sticky":false,"template":"","format":"standard","meta":{"_monsterinsights_skip_tracking":false,"_monsterinsights_sitenote_active":false,"_monsterinsights_sitenote_note":"","_monsterinsights_sitenote_category":0,"footnotes":""},"categories":[1],"tags":[],"class_list":["post-2925","post","type-post","status-publish","format-standard","hentry","category-sin-categorizar"],"yoast_head":"<!-- This site is optimized with the Yoast SEO plugin v27.4 - https:\/\/yoast.com\/product\/yoast-seo-wordpress\/ -->\n<title>\u00bfCu\u00e1l es el plazo de presentaci\u00f3n de la solicitud?<\/title>\n<meta name=\"description\" content=\"El plazo de presentaci\u00f3n de la solicitud se inicia a partir del d\u00eda 18 de enero (incluido) \u00a0y tendr\u00e1 una duraci\u00f3n de 20 d\u00edas naturales.\" \/>\n<meta name=\"robots\" content=\"index, follow, max-snippet:-1, max-image-preview:large, max-video-preview:-1\" \/>\n<link rel=\"canonical\" href=\"https:\/\/gaudeixsantanyi.com\/es\/2026\/01\/26\/cual-es-el-plazo-de-presentacion-de-la-solicitud\/\" \/>\n<meta property=\"og:locale\" content=\"es_ES\" \/>\n<meta property=\"og:type\" content=\"article\" \/>\n<meta property=\"og:title\" content=\"\u00bfCu\u00e1l es el plazo de presentaci\u00f3n de la solicitud?\" \/>\n<meta property=\"og:description\" content=\"El plazo de presentaci\u00f3n de la solicitud se inicia a partir del d\u00eda 18 de enero (incluido) \u00a0y tendr\u00e1 una duraci\u00f3n de 20 d\u00edas naturales.\" \/>\n<meta property=\"og:url\" content=\"https:\/\/gaudeixsantanyi.com\/es\/2026\/01\/26\/cual-es-el-plazo-de-presentacion-de-la-solicitud\/\" \/>\n<meta property=\"og:site_name\" content=\"Bons santayi\" \/>\n<meta property=\"article:published_time\" content=\"2026-01-26T14:54:26+00:00\" \/>\n<meta property=\"article:modified_time\" content=\"2026-01-26T16:49:19+00:00\" \/>\n<meta name=\"author\" content=\"admin\" \/>\n<meta name=\"twitter:card\" content=\"summary_large_image\" \/>\n<meta name=\"twitter:label1\" content=\"Escrito por\" \/>\n\t<meta name=\"twitter:data1\" content=\"admin\" \/>\n\t<meta name=\"twitter:label2\" content=\"Tiempo de lectura\" \/>\n\t<meta name=\"twitter:data2\" content=\"1 minuto\" \/>\n<script type=\"application\/ld+json\" class=\"yoast-schema-graph\">{\"@context\":\"https:\\\/\\\/schema.org\",\"@graph\":[{\"@type\":\"Article\",\"@id\":\"https:\\\/\\\/gaudeixsantanyi.com\\\/es\\\/2026\\\/01\\\/26\\\/cual-es-el-plazo-de-presentacion-de-la-solicitud\\\/#article\",\"isPartOf\":{\"@id\":\"https:\\\/\\\/gaudeixsantanyi.com\\\/es\\\/2026\\\/01\\\/26\\\/cual-es-el-plazo-de-presentacion-de-la-solicitud\\\/\"},\"author\":{\"name\":\"admin\",\"@id\":\"https:\\\/\\\/gaudeixsantanyi.com\\\/es\\\/#\\\/schema\\\/person\\\/252bb5e34f05f03705c835f91a8ff4b1\"},\"headline\":\"\u00bfCu\u00e1l es el plazo de presentaci\u00f3n de la solicitud?\",\"datePublished\":\"2026-01-26T14:54:26+00:00\",\"dateModified\":\"2026-01-26T16:49:19+00:00\",\"mainEntityOfPage\":{\"@id\":\"https:\\\/\\\/gaudeixsantanyi.com\\\/es\\\/2026\\\/01\\\/26\\\/cual-es-el-plazo-de-presentacion-de-la-solicitud\\\/\"},\"wordCount\":38,\"publisher\":{\"@id\":\"https:\\\/\\\/gaudeixsantanyi.com\\\/es\\\/#organization\"},\"articleSection\":[\"Sin categorizar\"],\"inLanguage\":\"es\"},{\"@type\":\"WebPage\",\"@id\":\"https:\\\/\\\/gaudeixsantanyi.com\\\/es\\\/2026\\\/01\\\/26\\\/cual-es-el-plazo-de-presentacion-de-la-solicitud\\\/\",\"url\":\"https:\\\/\\\/gaudeixsantanyi.com\\\/es\\\/2026\\\/01\\\/26\\\/cual-es-el-plazo-de-presentacion-de-la-solicitud\\\/\",\"name\":\"\u00bfCu\u00e1l es el plazo de presentaci\u00f3n de la solicitud?\",\"isPartOf\":{\"@id\":\"https:\\\/\\\/gaudeixsantanyi.com\\\/es\\\/#website\"},\"datePublished\":\"2026-01-26T14:54:26+00:00\",\"dateModified\":\"2026-01-26T16:49:19+00:00\",\"description\":\"El plazo de presentaci\u00f3n de la solicitud se inicia a partir del d\u00eda 18 de enero (incluido) \u00a0y tendr\u00e1 una duraci\u00f3n de 20 d\u00edas naturales.\",\"breadcrumb\":{\"@id\":\"https:\\\/\\\/gaudeixsantanyi.com\\\/es\\\/2026\\\/01\\\/26\\\/cual-es-el-plazo-de-presentacion-de-la-solicitud\\\/#breadcrumb\"},\"inLanguage\":\"es\",\"potentialAction\":[{\"@type\":\"ReadAction\",\"target\":[\"https:\\\/\\\/gaudeixsantanyi.com\\\/es\\\/2026\\\/01\\\/26\\\/cual-es-el-plazo-de-presentacion-de-la-solicitud\\\/\"]}]},{\"@type\":\"BreadcrumbList\",\"@id\":\"https:\\\/\\\/gaudeixsantanyi.com\\\/es\\\/2026\\\/01\\\/26\\\/cual-es-el-plazo-de-presentacion-de-la-solicitud\\\/#breadcrumb\",\"itemListElement\":[{\"@type\":\"ListItem\",\"position\":1,\"name\":\"Portada\",\"item\":\"https:\\\/\\\/gaudeixsantanyi.com\\\/es\\\/\"},{\"@type\":\"ListItem\",\"position\":2,\"name\":\"\u00bfCu\u00e1l es el plazo de presentaci\u00f3n de la solicitud?\"}]},{\"@type\":\"WebSite\",\"@id\":\"https:\\\/\\\/gaudeixsantanyi.com\\\/es\\\/#website\",\"url\":\"https:\\\/\\\/gaudeixsantanyi.com\\\/es\\\/\",\"name\":\"Bons Santany\u00ed\",\"description\":\"\",\"publisher\":{\"@id\":\"https:\\\/\\\/gaudeixsantanyi.com\\\/es\\\/#organization\"},\"potentialAction\":[{\"@type\":\"SearchAction\",\"target\":{\"@type\":\"EntryPoint\",\"urlTemplate\":\"https:\\\/\\\/gaudeixsantanyi.com\\\/es\\\/?s={search_term_string}\"},\"query-input\":{\"@type\":\"PropertyValueSpecification\",\"valueRequired\":true,\"valueName\":\"search_term_string\"}}],\"inLanguage\":\"es\"},{\"@type\":\"Organization\",\"@id\":\"https:\\\/\\\/gaudeixsantanyi.com\\\/es\\\/#organization\",\"name\":\"Bons Santany\u00ed\",\"url\":\"https:\\\/\\\/gaudeixsantanyi.com\\\/es\\\/\",\"logo\":{\"@type\":\"ImageObject\",\"inLanguage\":\"es\",\"@id\":\"https:\\\/\\\/gaudeixsantanyi.com\\\/es\\\/#\\\/schema\\\/logo\\\/image\\\/\",\"url\":\"https:\\\/\\\/gaudeixsantanyi.com\\\/wp-content\\\/uploads\\\/2023\\\/01\\\/logox2-1.png\",\"contentUrl\":\"https:\\\/\\\/gaudeixsantanyi.com\\\/wp-content\\\/uploads\\\/2023\\\/01\\\/logox2-1.png\",\"width\":424,\"height\":240,\"caption\":\"Bons Santany\u00ed\"},\"image\":{\"@id\":\"https:\\\/\\\/gaudeixsantanyi.com\\\/es\\\/#\\\/schema\\\/logo\\\/image\\\/\"}},{\"@type\":\"Person\",\"@id\":\"https:\\\/\\\/gaudeixsantanyi.com\\\/es\\\/#\\\/schema\\\/person\\\/252bb5e34f05f03705c835f91a8ff4b1\",\"name\":\"admin\",\"url\":\"https:\\\/\\\/gaudeixsantanyi.com\\\/es\\\/author\\\/admin\\\/\"}]}<\/script>\n<!-- \/ Yoast SEO plugin. -->","yoast_head_json":{"title":"\u00bfCu\u00e1l es el plazo de presentaci\u00f3n de la solicitud?","description":"El plazo de presentaci\u00f3n de la solicitud se inicia a partir del d\u00eda 18 de enero (incluido) \u00a0y tendr\u00e1 una duraci\u00f3n de 20 d\u00edas naturales.","robots":{"index":"index","follow":"follow","max-snippet":"max-snippet:-1","max-image-preview":"max-image-preview:large","max-video-preview":"max-video-preview:-1"},"canonical":"https:\/\/gaudeixsantanyi.com\/es\/2026\/01\/26\/cual-es-el-plazo-de-presentacion-de-la-solicitud\/","og_locale":"es_ES","og_type":"article","og_title":"\u00bfCu\u00e1l es el plazo de presentaci\u00f3n de la solicitud?","og_description":"El plazo de presentaci\u00f3n de la solicitud se inicia a partir del d\u00eda 18 de enero (incluido) \u00a0y tendr\u00e1 una duraci\u00f3n de 20 d\u00edas naturales.","og_url":"https:\/\/gaudeixsantanyi.com\/es\/2026\/01\/26\/cual-es-el-plazo-de-presentacion-de-la-solicitud\/","og_site_name":"Bons santayi","article_published_time":"2026-01-26T14:54:26+00:00","article_modified_time":"2026-01-26T16:49:19+00:00","author":"admin","twitter_card":"summary_large_image","twitter_misc":{"Escrito por":"admin","Tiempo de lectura":"1 minuto"},"schema":{"@context":"https:\/\/schema.org","@graph":[{"@type":"Article","@id":"https:\/\/gaudeixsantanyi.com\/es\/2026\/01\/26\/cual-es-el-plazo-de-presentacion-de-la-solicitud\/#article","isPartOf":{"@id":"https:\/\/gaudeixsantanyi.com\/es\/2026\/01\/26\/cual-es-el-plazo-de-presentacion-de-la-solicitud\/"},"author":{"name":"admin","@id":"https:\/\/gaudeixsantanyi.com\/es\/#\/schema\/person\/252bb5e34f05f03705c835f91a8ff4b1"},"headline":"\u00bfCu\u00e1l es el plazo de presentaci\u00f3n de la solicitud?","datePublished":"2026-01-26T14:54:26+00:00","dateModified":"2026-01-26T16:49:19+00:00","mainEntityOfPage":{"@id":"https:\/\/gaudeixsantanyi.com\/es\/2026\/01\/26\/cual-es-el-plazo-de-presentacion-de-la-solicitud\/"},"wordCount":38,"publisher":{"@id":"https:\/\/gaudeixsantanyi.com\/es\/#organization"},"articleSection":["Sin categorizar"],"inLanguage":"es"},{"@type":"WebPage","@id":"https:\/\/gaudeixsantanyi.com\/es\/2026\/01\/26\/cual-es-el-plazo-de-presentacion-de-la-solicitud\/","url":"https:\/\/gaudeixsantanyi.com\/es\/2026\/01\/26\/cual-es-el-plazo-de-presentacion-de-la-solicitud\/","name":"\u00bfCu\u00e1l es el plazo de presentaci\u00f3n de la solicitud?","isPartOf":{"@id":"https:\/\/gaudeixsantanyi.com\/es\/#website"},"datePublished":"2026-01-26T14:54:26+00:00","dateModified":"2026-01-26T16:49:19+00:00","description":"El plazo de presentaci\u00f3n de la solicitud se inicia a partir del d\u00eda 18 de enero (incluido) \u00a0y tendr\u00e1 una duraci\u00f3n de 20 d\u00edas naturales.","breadcrumb":{"@id":"https:\/\/gaudeixsantanyi.com\/es\/2026\/01\/26\/cual-es-el-plazo-de-presentacion-de-la-solicitud\/#breadcrumb"},"inLanguage":"es","potentialAction":[{"@type":"ReadAction","target":["https:\/\/gaudeixsantanyi.com\/es\/2026\/01\/26\/cual-es-el-plazo-de-presentacion-de-la-solicitud\/"]}]},{"@type":"BreadcrumbList","@id":"https:\/\/gaudeixsantanyi.com\/es\/2026\/01\/26\/cual-es-el-plazo-de-presentacion-de-la-solicitud\/#breadcrumb","itemListElement":[{"@type":"ListItem","position":1,"name":"Portada","item":"https:\/\/gaudeixsantanyi.com\/es\/"},{"@type":"ListItem","position":2,"name":"\u00bfCu\u00e1l es el plazo de presentaci\u00f3n de la solicitud?"}]},{"@type":"WebSite","@id":"https:\/\/gaudeixsantanyi.com\/es\/#website","url":"https:\/\/gaudeixsantanyi.com\/es\/","name":"Bons Santany\u00ed","description":"","publisher":{"@id":"https:\/\/gaudeixsantanyi.com\/es\/#organization"},"potentialAction":[{"@type":"SearchAction","target":{"@type":"EntryPoint","urlTemplate":"https:\/\/gaudeixsantanyi.com\/es\/?s={search_term_string}"},"query-input":{"@type":"PropertyValueSpecification","valueRequired":true,"valueName":"search_term_string"}}],"inLanguage":"es"},{"@type":"Organization","@id":"https:\/\/gaudeixsantanyi.com\/es\/#organization","name":"Bons Santany\u00ed","url":"https:\/\/gaudeixsantanyi.com\/es\/","logo":{"@type":"ImageObject","inLanguage":"es","@id":"https:\/\/gaudeixsantanyi.com\/es\/#\/schema\/logo\/image\/","url":"https:\/\/gaudeixsantanyi.com\/wp-content\/uploads\/2023\/01\/logox2-1.png","contentUrl":"https:\/\/gaudeixsantanyi.com\/wp-content\/uploads\/2023\/01\/logox2-1.png","width":424,"height":240,"caption":"Bons Santany\u00ed"},"image":{"@id":"https:\/\/gaudeixsantanyi.com\/es\/#\/schema\/logo\/image\/"}},{"@type":"Person","@id":"https:\/\/gaudeixsantanyi.com\/es\/#\/schema\/person\/252bb5e34f05f03705c835f91a8ff4b1","name":"admin","url":"https:\/\/gaudeixsantanyi.com\/es\/author\/admin\/"}]}},"_links":{"self":[{"href":"https:\/\/gaudeixsantanyi.com\/es\/wp-json\/wp\/v2\/posts\/2925","targetHints":{"allow":["GET"]}}],"collection":[{"href":"https:\/\/gaudeixsantanyi.com\/es\/wp-json\/wp\/v2\/posts"}],"about":[{"href":"https:\/\/gaudeixsantanyi.com\/es\/wp-json\/wp\/v2\/types\/post"}],"author":[{"embeddable":true,"href":"https:\/\/gaudeixsantanyi.com\/es\/wp-json\/wp\/v2\/users\/1"}],"replies":[{"embeddable":true,"href":"https:\/\/gaudeixsantanyi.com\/es\/wp-json\/wp\/v2\/comments?post=2925"}],"version-history":[{"count":4,"href":"https:\/\/gaudeixsantanyi.com\/es\/wp-json\/wp\/v2\/posts\/2925\/revisions"}],"predecessor-version":[{"id":3312,"href":"https:\/\/gaudeixsantanyi.com\/es\/wp-json\/wp\/v2\/posts\/2925\/revisions\/3312"}],"wp:attachment":[{"href":"https:\/\/gaudeixsantanyi.com\/es\/wp-json\/wp\/v2\/media?parent=2925"}],"wp:term":[{"taxonomy":"category","embeddable":true,"href":"https:\/\/gaudeixsantanyi.com\/es\/wp-json\/wp\/v2\/categories?post=2925"},{"taxonomy":"post_tag","embeddable":true,"href":"https:\/\/gaudeixsantanyi.com\/es\/wp-json\/wp\/v2\/tags?post=2925"}],"curies":[{"name":"wp","href":"https:\/\/api.w.org\/{rel}","templated":true}]}}