{"id":2392,"date":"2026-01-26T15:28:15","date_gmt":"2026-01-26T14:28:15","guid":{"rendered":"https:\/\/bonomasciudadreal.com\/?p=2392"},"modified":"2026-01-26T17:50:50","modified_gmt":"2026-01-26T16:50:50","slug":"como-solicito-adherirme-a-la-campana","status":"publish","type":"post","link":"https:\/\/gaudeixsantanyi.com\/es\/2026\/01\/26\/como-solicito-adherirme-a-la-campana\/","title":{"rendered":"Quiero adherirme a la campa\u00f1a, \u00bfqu\u00e9 documentos necesito?"},"content":{"rendered":"<p>Los establecimientos deben adjuntar\u00a0 la misma p\u00e1gina del formulario, la siguiente documentaci\u00f3n:<\/p>\n<ul>\n<li><strong>Fotograf\u00eda<\/strong> de la <strong>fachada<\/strong> del <strong>establecimiento<\/strong><\/li>\n<li><strong>Documento<\/strong> <strong>de certificado de situaci\u00f3n censal<\/strong> de empresarios, profesionales y retenedores vigente.<\/li>\n<li><strong>Certificados<\/strong> que acrediten encontrarse al corriente de las <strong>obligaciones tributarias<\/strong>, con la<strong> Seguridad Social<\/strong> y autorizaci\u00f3n para que el <strong>Ayuntamiento de Santany\u00ed<\/strong> compruebe que se encuentren al corriente con las <strong>obligaciones de pago<\/strong> con este ayuntamiento.<\/li>\n<\/ul>\n","protected":false},"excerpt":{"rendered":"<p>Los establecimientos deben adjuntar\u00a0 la misma p\u00e1gina del formulario, la siguiente documentaci\u00f3n: Fotograf\u00eda de la fachada del establecimiento Documento de certificado de situaci\u00f3n censal de empresarios, profesionales y retenedores vigente. Certificados que acrediten encontrarse al corriente de las obligaciones tributarias, con la Seguridad Social y autorizaci\u00f3n para que el Ayuntamiento de Santany\u00ed compruebe que se [&hellip;]<\/p>\n","protected":false},"author":1,"featured_media":0,"comment_status":"closed","ping_status":"closed","sticky":false,"template":"","format":"standard","meta":{"_monsterinsights_skip_tracking":false,"_monsterinsights_sitenote_active":false,"_monsterinsights_sitenote_note":"","_monsterinsights_sitenote_category":0,"footnotes":""},"categories":[1],"tags":[],"class_list":["post-2392","post","type-post","status-publish","format-standard","hentry","category-sin-categorizar"],"yoast_head":"<!-- This site is optimized with the Yoast SEO plugin v27.4 - https:\/\/yoast.com\/product\/yoast-seo-wordpress\/ -->\n<title>Quiero adherirme a la campa\u00f1a, \u00bfqu\u00e9 documentos necesito? - Bons santayi<\/title>\n<meta name=\"description\" content=\"Los establecimientos deben formalizar el formulario correspondiente en la p\u00e1gina web de la C\u00e1mara de Comercio de Mallorca\u00a0\" \/>\n<meta name=\"robots\" content=\"index, follow, max-snippet:-1, max-image-preview:large, max-video-preview:-1\" \/>\n<link rel=\"canonical\" href=\"https:\/\/gaudeixsantanyi.com\/es\/2026\/01\/26\/como-solicito-adherirme-a-la-campana\/\" \/>\n<meta property=\"og:locale\" content=\"es_ES\" \/>\n<meta property=\"og:type\" content=\"article\" \/>\n<meta property=\"og:title\" content=\"Quiero adherirme a la campa\u00f1a, \u00bfqu\u00e9 documentos necesito? - Bons santayi\" \/>\n<meta property=\"og:description\" content=\"Los establecimientos deben formalizar el formulario correspondiente en la p\u00e1gina web de la C\u00e1mara de Comercio de Mallorca\u00a0\" \/>\n<meta property=\"og:url\" content=\"https:\/\/gaudeixsantanyi.com\/es\/2026\/01\/26\/como-solicito-adherirme-a-la-campana\/\" \/>\n<meta property=\"og:site_name\" content=\"Bons santayi\" \/>\n<meta property=\"article:published_time\" content=\"2026-01-26T14:28:15+00:00\" \/>\n<meta property=\"article:modified_time\" content=\"2026-01-26T16:50:50+00:00\" \/>\n<meta name=\"author\" content=\"admin\" \/>\n<meta name=\"twitter:card\" content=\"summary_large_image\" \/>\n<meta name=\"twitter:label1\" content=\"Escrito por\" \/>\n\t<meta name=\"twitter:data1\" content=\"admin\" \/>\n\t<meta name=\"twitter:label2\" content=\"Tiempo de lectura\" \/>\n\t<meta name=\"twitter:data2\" content=\"1 minuto\" \/>\n<script type=\"application\/ld+json\" class=\"yoast-schema-graph\">{\"@context\":\"https:\\\/\\\/schema.org\",\"@graph\":[{\"@type\":\"Article\",\"@id\":\"https:\\\/\\\/gaudeixsantanyi.com\\\/es\\\/2026\\\/01\\\/26\\\/como-solicito-adherirme-a-la-campana\\\/#article\",\"isPartOf\":{\"@id\":\"https:\\\/\\\/gaudeixsantanyi.com\\\/es\\\/2026\\\/01\\\/26\\\/como-solicito-adherirme-a-la-campana\\\/\"},\"author\":{\"name\":\"admin\",\"@id\":\"https:\\\/\\\/gaudeixsantanyi.com\\\/es\\\/#\\\/schema\\\/person\\\/252bb5e34f05f03705c835f91a8ff4b1\"},\"headline\":\"Quiero adherirme a la campa\u00f1a, \u00bfqu\u00e9 documentos necesito?\",\"datePublished\":\"2026-01-26T14:28:15+00:00\",\"dateModified\":\"2026-01-26T16:50:50+00:00\",\"mainEntityOfPage\":{\"@id\":\"https:\\\/\\\/gaudeixsantanyi.com\\\/es\\\/2026\\\/01\\\/26\\\/como-solicito-adherirme-a-la-campana\\\/\"},\"wordCount\":80,\"publisher\":{\"@id\":\"https:\\\/\\\/gaudeixsantanyi.com\\\/es\\\/#organization\"},\"articleSection\":[\"Sin categorizar\"],\"inLanguage\":\"es\"},{\"@type\":\"WebPage\",\"@id\":\"https:\\\/\\\/gaudeixsantanyi.com\\\/es\\\/2026\\\/01\\\/26\\\/como-solicito-adherirme-a-la-campana\\\/\",\"url\":\"https:\\\/\\\/gaudeixsantanyi.com\\\/es\\\/2026\\\/01\\\/26\\\/como-solicito-adherirme-a-la-campana\\\/\",\"name\":\"Quiero adherirme a la campa\u00f1a, \u00bfqu\u00e9 documentos necesito? - Bons santayi\",\"isPartOf\":{\"@id\":\"https:\\\/\\\/gaudeixsantanyi.com\\\/es\\\/#website\"},\"datePublished\":\"2026-01-26T14:28:15+00:00\",\"dateModified\":\"2026-01-26T16:50:50+00:00\",\"description\":\"Los establecimientos deben formalizar el formulario correspondiente en la p\u00e1gina web de la C\u00e1mara de Comercio de Mallorca\u00a0\",\"breadcrumb\":{\"@id\":\"https:\\\/\\\/gaudeixsantanyi.com\\\/es\\\/2026\\\/01\\\/26\\\/como-solicito-adherirme-a-la-campana\\\/#breadcrumb\"},\"inLanguage\":\"es\",\"potentialAction\":[{\"@type\":\"ReadAction\",\"target\":[\"https:\\\/\\\/gaudeixsantanyi.com\\\/es\\\/2026\\\/01\\\/26\\\/como-solicito-adherirme-a-la-campana\\\/\"]}]},{\"@type\":\"BreadcrumbList\",\"@id\":\"https:\\\/\\\/gaudeixsantanyi.com\\\/es\\\/2026\\\/01\\\/26\\\/como-solicito-adherirme-a-la-campana\\\/#breadcrumb\",\"itemListElement\":[{\"@type\":\"ListItem\",\"position\":1,\"name\":\"Portada\",\"item\":\"https:\\\/\\\/gaudeixsantanyi.com\\\/es\\\/\"},{\"@type\":\"ListItem\",\"position\":2,\"name\":\"Quiero adherirme a la campa\u00f1a, \u00bfqu\u00e9 documentos necesito?\"}]},{\"@type\":\"WebSite\",\"@id\":\"https:\\\/\\\/gaudeixsantanyi.com\\\/es\\\/#website\",\"url\":\"https:\\\/\\\/gaudeixsantanyi.com\\\/es\\\/\",\"name\":\"Bons Santany\u00ed\",\"description\":\"\",\"publisher\":{\"@id\":\"https:\\\/\\\/gaudeixsantanyi.com\\\/es\\\/#organization\"},\"potentialAction\":[{\"@type\":\"SearchAction\",\"target\":{\"@type\":\"EntryPoint\",\"urlTemplate\":\"https:\\\/\\\/gaudeixsantanyi.com\\\/es\\\/?s={search_term_string}\"},\"query-input\":{\"@type\":\"PropertyValueSpecification\",\"valueRequired\":true,\"valueName\":\"search_term_string\"}}],\"inLanguage\":\"es\"},{\"@type\":\"Organization\",\"@id\":\"https:\\\/\\\/gaudeixsantanyi.com\\\/es\\\/#organization\",\"name\":\"Bons Santany\u00ed\",\"url\":\"https:\\\/\\\/gaudeixsantanyi.com\\\/es\\\/\",\"logo\":{\"@type\":\"ImageObject\",\"inLanguage\":\"es\",\"@id\":\"https:\\\/\\\/gaudeixsantanyi.com\\\/es\\\/#\\\/schema\\\/logo\\\/image\\\/\",\"url\":\"https:\\\/\\\/gaudeixsantanyi.com\\\/wp-content\\\/uploads\\\/2023\\\/01\\\/logox2-1.png\",\"contentUrl\":\"https:\\\/\\\/gaudeixsantanyi.com\\\/wp-content\\\/uploads\\\/2023\\\/01\\\/logox2-1.png\",\"width\":424,\"height\":240,\"caption\":\"Bons Santany\u00ed\"},\"image\":{\"@id\":\"https:\\\/\\\/gaudeixsantanyi.com\\\/es\\\/#\\\/schema\\\/logo\\\/image\\\/\"}},{\"@type\":\"Person\",\"@id\":\"https:\\\/\\\/gaudeixsantanyi.com\\\/es\\\/#\\\/schema\\\/person\\\/252bb5e34f05f03705c835f91a8ff4b1\",\"name\":\"admin\",\"url\":\"https:\\\/\\\/gaudeixsantanyi.com\\\/es\\\/author\\\/admin\\\/\"}]}<\/script>\n<!-- \/ Yoast SEO plugin. -->","yoast_head_json":{"title":"Quiero adherirme a la campa\u00f1a, \u00bfqu\u00e9 documentos necesito? - Bons santayi","description":"Los establecimientos deben formalizar el formulario correspondiente en la p\u00e1gina web de la C\u00e1mara de Comercio de Mallorca\u00a0","robots":{"index":"index","follow":"follow","max-snippet":"max-snippet:-1","max-image-preview":"max-image-preview:large","max-video-preview":"max-video-preview:-1"},"canonical":"https:\/\/gaudeixsantanyi.com\/es\/2026\/01\/26\/como-solicito-adherirme-a-la-campana\/","og_locale":"es_ES","og_type":"article","og_title":"Quiero adherirme a la campa\u00f1a, \u00bfqu\u00e9 documentos necesito? - Bons santayi","og_description":"Los establecimientos deben formalizar el formulario correspondiente en la p\u00e1gina web de la C\u00e1mara de Comercio de Mallorca\u00a0","og_url":"https:\/\/gaudeixsantanyi.com\/es\/2026\/01\/26\/como-solicito-adherirme-a-la-campana\/","og_site_name":"Bons santayi","article_published_time":"2026-01-26T14:28:15+00:00","article_modified_time":"2026-01-26T16:50:50+00:00","author":"admin","twitter_card":"summary_large_image","twitter_misc":{"Escrito por":"admin","Tiempo de lectura":"1 minuto"},"schema":{"@context":"https:\/\/schema.org","@graph":[{"@type":"Article","@id":"https:\/\/gaudeixsantanyi.com\/es\/2026\/01\/26\/como-solicito-adherirme-a-la-campana\/#article","isPartOf":{"@id":"https:\/\/gaudeixsantanyi.com\/es\/2026\/01\/26\/como-solicito-adherirme-a-la-campana\/"},"author":{"name":"admin","@id":"https:\/\/gaudeixsantanyi.com\/es\/#\/schema\/person\/252bb5e34f05f03705c835f91a8ff4b1"},"headline":"Quiero adherirme a la campa\u00f1a, \u00bfqu\u00e9 documentos necesito?","datePublished":"2026-01-26T14:28:15+00:00","dateModified":"2026-01-26T16:50:50+00:00","mainEntityOfPage":{"@id":"https:\/\/gaudeixsantanyi.com\/es\/2026\/01\/26\/como-solicito-adherirme-a-la-campana\/"},"wordCount":80,"publisher":{"@id":"https:\/\/gaudeixsantanyi.com\/es\/#organization"},"articleSection":["Sin categorizar"],"inLanguage":"es"},{"@type":"WebPage","@id":"https:\/\/gaudeixsantanyi.com\/es\/2026\/01\/26\/como-solicito-adherirme-a-la-campana\/","url":"https:\/\/gaudeixsantanyi.com\/es\/2026\/01\/26\/como-solicito-adherirme-a-la-campana\/","name":"Quiero adherirme a la campa\u00f1a, \u00bfqu\u00e9 documentos necesito? - Bons santayi","isPartOf":{"@id":"https:\/\/gaudeixsantanyi.com\/es\/#website"},"datePublished":"2026-01-26T14:28:15+00:00","dateModified":"2026-01-26T16:50:50+00:00","description":"Los establecimientos deben formalizar el formulario correspondiente en la p\u00e1gina web de la C\u00e1mara de Comercio de Mallorca\u00a0","breadcrumb":{"@id":"https:\/\/gaudeixsantanyi.com\/es\/2026\/01\/26\/como-solicito-adherirme-a-la-campana\/#breadcrumb"},"inLanguage":"es","potentialAction":[{"@type":"ReadAction","target":["https:\/\/gaudeixsantanyi.com\/es\/2026\/01\/26\/como-solicito-adherirme-a-la-campana\/"]}]},{"@type":"BreadcrumbList","@id":"https:\/\/gaudeixsantanyi.com\/es\/2026\/01\/26\/como-solicito-adherirme-a-la-campana\/#breadcrumb","itemListElement":[{"@type":"ListItem","position":1,"name":"Portada","item":"https:\/\/gaudeixsantanyi.com\/es\/"},{"@type":"ListItem","position":2,"name":"Quiero adherirme a la campa\u00f1a, \u00bfqu\u00e9 documentos necesito?"}]},{"@type":"WebSite","@id":"https:\/\/gaudeixsantanyi.com\/es\/#website","url":"https:\/\/gaudeixsantanyi.com\/es\/","name":"Bons Santany\u00ed","description":"","publisher":{"@id":"https:\/\/gaudeixsantanyi.com\/es\/#organization"},"potentialAction":[{"@type":"SearchAction","target":{"@type":"EntryPoint","urlTemplate":"https:\/\/gaudeixsantanyi.com\/es\/?s={search_term_string}"},"query-input":{"@type":"PropertyValueSpecification","valueRequired":true,"valueName":"search_term_string"}}],"inLanguage":"es"},{"@type":"Organization","@id":"https:\/\/gaudeixsantanyi.com\/es\/#organization","name":"Bons Santany\u00ed","url":"https:\/\/gaudeixsantanyi.com\/es\/","logo":{"@type":"ImageObject","inLanguage":"es","@id":"https:\/\/gaudeixsantanyi.com\/es\/#\/schema\/logo\/image\/","url":"https:\/\/gaudeixsantanyi.com\/wp-content\/uploads\/2023\/01\/logox2-1.png","contentUrl":"https:\/\/gaudeixsantanyi.com\/wp-content\/uploads\/2023\/01\/logox2-1.png","width":424,"height":240,"caption":"Bons Santany\u00ed"},"image":{"@id":"https:\/\/gaudeixsantanyi.com\/es\/#\/schema\/logo\/image\/"}},{"@type":"Person","@id":"https:\/\/gaudeixsantanyi.com\/es\/#\/schema\/person\/252bb5e34f05f03705c835f91a8ff4b1","name":"admin","url":"https:\/\/gaudeixsantanyi.com\/es\/author\/admin\/"}]}},"_links":{"self":[{"href":"https:\/\/gaudeixsantanyi.com\/es\/wp-json\/wp\/v2\/posts\/2392","targetHints":{"allow":["GET"]}}],"collection":[{"href":"https:\/\/gaudeixsantanyi.com\/es\/wp-json\/wp\/v2\/posts"}],"about":[{"href":"https:\/\/gaudeixsantanyi.com\/es\/wp-json\/wp\/v2\/types\/post"}],"author":[{"embeddable":true,"href":"https:\/\/gaudeixsantanyi.com\/es\/wp-json\/wp\/v2\/users\/1"}],"replies":[{"embeddable":true,"href":"https:\/\/gaudeixsantanyi.com\/es\/wp-json\/wp\/v2\/comments?post=2392"}],"version-history":[{"count":4,"href":"https:\/\/gaudeixsantanyi.com\/es\/wp-json\/wp\/v2\/posts\/2392\/revisions"}],"predecessor-version":[{"id":3293,"href":"https:\/\/gaudeixsantanyi.com\/es\/wp-json\/wp\/v2\/posts\/2392\/revisions\/3293"}],"wp:attachment":[{"href":"https:\/\/gaudeixsantanyi.com\/es\/wp-json\/wp\/v2\/media?parent=2392"}],"wp:term":[{"taxonomy":"category","embeddable":true,"href":"https:\/\/gaudeixsantanyi.com\/es\/wp-json\/wp\/v2\/categories?post=2392"},{"taxonomy":"post_tag","embeddable":true,"href":"https:\/\/gaudeixsantanyi.com\/es\/wp-json\/wp\/v2\/tags?post=2392"}],"curies":[{"name":"wp","href":"https:\/\/api.w.org\/{rel}","templated":true}]}}